{"id":1329,"date":"2023-11-02T19:06:15","date_gmt":"2023-11-02T18:06:15","guid":{"rendered":"https:\/\/www.lineacor.com\/pt\/?p=1329"},"modified":"2023-11-02T19:08:21","modified_gmt":"2023-11-02T18:08:21","slug":"elevando-a-arte-da-oxidacao-letras-corporais-love","status":"publish","type":"post","link":"https:\/\/www.lineacor.com\/pt\/elevando-a-arte-da-oxidacao-letras-corporais-love\/","title":{"rendered":"ELEVANDO A ARTE DA OXIDA\u00c7\u00c3O: LETRAS CORPORAIS \u201cLOVE\u201c"},"content":{"rendered":"\n<p class=\"has-medium-font-size\"><br><br>Quando se trata de dar vida ao a\u00e7o Cor-Ten\u00ae e criar um impato visual duradouro, os produtos de tratamento de a\u00e7o Corten <strong>LINEACOR\u00ae<\/strong> s\u00e3o a escolha mais confi\u00e1vel.<\/p>\n\n\n\n<figure class=\"wp-block-image size-large\"><a href=\"https:\/\/www.lineacor.com\/pt\/wp-content\/uploads\/sites\/3\/2023\/11\/LINEACOR-Letras-em-aco-Corten-tridimensionais-08.jpg\"><img decoding=\"async\" width=\"1024\" height=\"683\" src=\"https:\/\/www.lineacor.com\/pt\/wp-content\/uploads\/sites\/3\/2023\/11\/LINEACOR-Letras-em-aco-Corten-tridimensionais-08-1024x683.jpg\" alt=\"\" class=\"wp-image-1338\" srcset=\"https:\/\/www.lineacor.com\/pt\/wp-content\/uploads\/sites\/3\/2023\/11\/LINEACOR-Letras-em-aco-Corten-tridimensionais-08-1024x683.jpg 1024w, https:\/\/www.lineacor.com\/pt\/wp-content\/uploads\/sites\/3\/2023\/11\/LINEACOR-Letras-em-aco-Corten-tridimensionais-08-300x200.jpg 300w, https:\/\/www.lineacor.com\/pt\/wp-content\/uploads\/sites\/3\/2023\/11\/LINEACOR-Letras-em-aco-Corten-tridimensionais-08-768x512.jpg 768w, https:\/\/www.lineacor.com\/pt\/wp-content\/uploads\/sites\/3\/2023\/11\/LINEACOR-Letras-em-aco-Corten-tridimensionais-08-600x400.jpg 600w, https:\/\/www.lineacor.com\/pt\/wp-content\/uploads\/sites\/3\/2023\/11\/LINEACOR-Letras-em-aco-Corten-tridimensionais-08.jpg 1280w\" sizes=\"(max-width: 1024px) 100vw, 1024px\" \/><\/a><figcaption class=\"wp-element-caption\">Letras corp\u00f3reas em a\u00e7o Cor-Ten oxidado<\/figcaption><\/figure>\n\n\n\n<p class=\"has-medium-font-size\"><br><br>H\u00e1 alguns anos, respondendo \u00e0s exig\u00eancias dos nossos clientes mais inovadores, realizamos um projeto excecional: a oxida\u00e7\u00e3o de letras corporais em a\u00e7o <strong>Cor-Ten\u00ae <\/strong>de dimens\u00f5es especiais, o que nos conferiu um aspeto oxidado e um acabamento Natural.<\/p>\n\n\n\n<p> <\/p>\n\n\n\n<figure class=\"wp-block-image size-large\"><a href=\"https:\/\/www.lineacor.com\/pt\/wp-content\/uploads\/sites\/3\/2023\/11\/LINEACOR-Letras-em-aco-Corten-tridimensionais-00.jpg\"><img decoding=\"async\" width=\"1024\" height=\"683\" src=\"https:\/\/www.lineacor.com\/pt\/wp-content\/uploads\/sites\/3\/2023\/11\/LINEACOR-Letras-em-aco-Corten-tridimensionais-00-1024x683.jpg\" alt=\"\" class=\"wp-image-1330\" srcset=\"https:\/\/www.lineacor.com\/pt\/wp-content\/uploads\/sites\/3\/2023\/11\/LINEACOR-Letras-em-aco-Corten-tridimensionais-00-1024x683.jpg 1024w, https:\/\/www.lineacor.com\/pt\/wp-content\/uploads\/sites\/3\/2023\/11\/LINEACOR-Letras-em-aco-Corten-tridimensionais-00-300x200.jpg 300w, https:\/\/www.lineacor.com\/pt\/wp-content\/uploads\/sites\/3\/2023\/11\/LINEACOR-Letras-em-aco-Corten-tridimensionais-00-768x512.jpg 768w, https:\/\/www.lineacor.com\/pt\/wp-content\/uploads\/sites\/3\/2023\/11\/LINEACOR-Letras-em-aco-Corten-tridimensionais-00-600x400.jpg 600w, https:\/\/www.lineacor.com\/pt\/wp-content\/uploads\/sites\/3\/2023\/11\/LINEACOR-Letras-em-aco-Corten-tridimensionais-00.jpg 1280w\" sizes=\"(max-width: 1024px) 100vw, 1024px\" \/><\/a><figcaption class=\"wp-element-caption\">Remo\u00e7\u00e3o da ferrugem antes da corros\u00e3o<\/figcaption><\/figure>\n\n\n\n<figure class=\"wp-block-image size-large\"><a href=\"https:\/\/www.lineacor.com\/pt\/wp-content\/uploads\/sites\/3\/2023\/11\/LINEACOR-Letras-em-aco-Corten-tridimensionais-01.jpg\"><img decoding=\"async\" width=\"1024\" height=\"683\" src=\"https:\/\/www.lineacor.com\/pt\/wp-content\/uploads\/sites\/3\/2023\/11\/LINEACOR-Letras-em-aco-Corten-tridimensionais-01-1024x683.jpg\" alt=\"\" class=\"wp-image-1331\" srcset=\"https:\/\/www.lineacor.com\/pt\/wp-content\/uploads\/sites\/3\/2023\/11\/LINEACOR-Letras-em-aco-Corten-tridimensionais-01-1024x683.jpg 1024w, https:\/\/www.lineacor.com\/pt\/wp-content\/uploads\/sites\/3\/2023\/11\/LINEACOR-Letras-em-aco-Corten-tridimensionais-01-300x200.jpg 300w, https:\/\/www.lineacor.com\/pt\/wp-content\/uploads\/sites\/3\/2023\/11\/LINEACOR-Letras-em-aco-Corten-tridimensionais-01-768x512.jpg 768w, https:\/\/www.lineacor.com\/pt\/wp-content\/uploads\/sites\/3\/2023\/11\/LINEACOR-Letras-em-aco-Corten-tridimensionais-01-600x400.jpg 600w, https:\/\/www.lineacor.com\/pt\/wp-content\/uploads\/sites\/3\/2023\/11\/LINEACOR-Letras-em-aco-Corten-tridimensionais-01.jpg 1280w\" sizes=\"(max-width: 1024px) 100vw, 1024px\" \/><\/a><figcaption class=\"wp-element-caption\">Processo de ativa\u00e7\u00e3o da ferrugem com act-COR da LINEACOR.<\/figcaption><\/figure>\n\n\n\n<figure class=\"wp-block-image size-large\"><a href=\"https:\/\/www.lineacor.com\/pt\/wp-content\/uploads\/sites\/3\/2023\/11\/LINEACOR-Letras-em-aco-Corten-tridimensionais-02.jpg\"><img decoding=\"async\" width=\"1024\" height=\"683\" src=\"https:\/\/www.lineacor.com\/pt\/wp-content\/uploads\/sites\/3\/2023\/11\/LINEACOR-Letras-em-aco-Corten-tridimensionais-02-1024x683.jpg\" alt=\"\" class=\"wp-image-1332\" srcset=\"https:\/\/www.lineacor.com\/pt\/wp-content\/uploads\/sites\/3\/2023\/11\/LINEACOR-Letras-em-aco-Corten-tridimensionais-02-1024x683.jpg 1024w, https:\/\/www.lineacor.com\/pt\/wp-content\/uploads\/sites\/3\/2023\/11\/LINEACOR-Letras-em-aco-Corten-tridimensionais-02-300x200.jpg 300w, https:\/\/www.lineacor.com\/pt\/wp-content\/uploads\/sites\/3\/2023\/11\/LINEACOR-Letras-em-aco-Corten-tridimensionais-02-768x512.jpg 768w, https:\/\/www.lineacor.com\/pt\/wp-content\/uploads\/sites\/3\/2023\/11\/LINEACOR-Letras-em-aco-Corten-tridimensionais-02-600x400.jpg 600w, https:\/\/www.lineacor.com\/pt\/wp-content\/uploads\/sites\/3\/2023\/11\/LINEACOR-Letras-em-aco-Corten-tridimensionais-02.jpg 1280w\" sizes=\"(max-width: 1024px) 100vw, 1024px\" \/><\/a><figcaption class=\"wp-element-caption\">Processo de ativa\u00e7\u00e3o da ferrugem com act-COR da LINEACOR.<\/figcaption><\/figure>\n\n\n\n<p class=\"has-medium-font-size\"> <br><br>Dado que estas letras s\u00e3o frequentemente encontradas em ambientes exteriores, utilizamos um produto espec\u00edfico, <strong><a href=\"https:\/\/www.lineacor.com\/pt\/produto\/bz-cor-finish-antigraffiti-verniz-exteriores\/\">bz-COR FINISH anti-grafiti<\/a><\/strong>. Este tratamento de pavimento facilita a manuten\u00e7\u00e3o, e tamb\u00e9m garante uma prote\u00e7\u00e3o anti-grafiti duradoura, garantindo que o seu investimento estar\u00e1 protegido e mais rent\u00e1vel ao longo do tempo. Al\u00e9m disso, est\u00e1 dispon\u00edvel em tr\u00eas acabamentos: fosco, acetinado e brilhante.<\/p>\n\n\n\n<figure class=\"wp-block-gallery has-nested-images columns-default is-cropped wp-block-gallery-1 is-layout-flex wp-block-gallery-is-layout-flex\">\n<figure class=\"wp-block-image size-large\"><a href=\"https:\/\/www.lineacor.com\/pt\/wp-content\/uploads\/sites\/3\/2023\/11\/LINEACOR-Letras-em-aco-Corten-tridimensionais-03.jpg\"><img decoding=\"async\" width=\"1024\" height=\"683\" data-id=\"1333\" src=\"https:\/\/www.lineacor.com\/pt\/wp-content\/uploads\/sites\/3\/2023\/11\/LINEACOR-Letras-em-aco-Corten-tridimensionais-03-1024x683.jpg\" alt=\"\" class=\"wp-image-1333\" srcset=\"https:\/\/www.lineacor.com\/pt\/wp-content\/uploads\/sites\/3\/2023\/11\/LINEACOR-Letras-em-aco-Corten-tridimensionais-03-1024x683.jpg 1024w, https:\/\/www.lineacor.com\/pt\/wp-content\/uploads\/sites\/3\/2023\/11\/LINEACOR-Letras-em-aco-Corten-tridimensionais-03-300x200.jpg 300w, https:\/\/www.lineacor.com\/pt\/wp-content\/uploads\/sites\/3\/2023\/11\/LINEACOR-Letras-em-aco-Corten-tridimensionais-03-768x512.jpg 768w, https:\/\/www.lineacor.com\/pt\/wp-content\/uploads\/sites\/3\/2023\/11\/LINEACOR-Letras-em-aco-Corten-tridimensionais-03-600x400.jpg 600w, https:\/\/www.lineacor.com\/pt\/wp-content\/uploads\/sites\/3\/2023\/11\/LINEACOR-Letras-em-aco-Corten-tridimensionais-03.jpg 1280w\" sizes=\"(max-width: 1024px) 100vw, 1024px\" \/><\/a><\/figure>\n\n\n\n<figure class=\"wp-block-image size-large\"><a href=\"https:\/\/www.lineacor.com\/pt\/wp-content\/uploads\/sites\/3\/2023\/11\/LINEACOR-Letras-em-aco-Corten-tridimensionais-05.jpg\"><img decoding=\"async\" width=\"1024\" height=\"683\" data-id=\"1335\" src=\"https:\/\/www.lineacor.com\/pt\/wp-content\/uploads\/sites\/3\/2023\/11\/LINEACOR-Letras-em-aco-Corten-tridimensionais-05-1024x683.jpg\" alt=\"\" class=\"wp-image-1335\" srcset=\"https:\/\/www.lineacor.com\/pt\/wp-content\/uploads\/sites\/3\/2023\/11\/LINEACOR-Letras-em-aco-Corten-tridimensionais-05-1024x683.jpg 1024w, https:\/\/www.lineacor.com\/pt\/wp-content\/uploads\/sites\/3\/2023\/11\/LINEACOR-Letras-em-aco-Corten-tridimensionais-05-300x200.jpg 300w, https:\/\/www.lineacor.com\/pt\/wp-content\/uploads\/sites\/3\/2023\/11\/LINEACOR-Letras-em-aco-Corten-tridimensionais-05-768x512.jpg 768w, https:\/\/www.lineacor.com\/pt\/wp-content\/uploads\/sites\/3\/2023\/11\/LINEACOR-Letras-em-aco-Corten-tridimensionais-05-600x400.jpg 600w, https:\/\/www.lineacor.com\/pt\/wp-content\/uploads\/sites\/3\/2023\/11\/LINEACOR-Letras-em-aco-Corten-tridimensionais-05.jpg 1280w\" sizes=\"(max-width: 1024px) 100vw, 1024px\" \/><\/a><\/figure>\n\n\n\n<figure class=\"wp-block-image size-large\"><a href=\"https:\/\/www.lineacor.com\/pt\/wp-content\/uploads\/sites\/3\/2023\/11\/LINEACOR-Letras-em-aco-Corten-tridimensionais-04.jpg\"><img decoding=\"async\" width=\"1024\" height=\"683\" data-id=\"1334\" src=\"https:\/\/www.lineacor.com\/pt\/wp-content\/uploads\/sites\/3\/2023\/11\/LINEACOR-Letras-em-aco-Corten-tridimensionais-04-1024x683.jpg\" alt=\"\" class=\"wp-image-1334\" srcset=\"https:\/\/www.lineacor.com\/pt\/wp-content\/uploads\/sites\/3\/2023\/11\/LINEACOR-Letras-em-aco-Corten-tridimensionais-04-1024x683.jpg 1024w, https:\/\/www.lineacor.com\/pt\/wp-content\/uploads\/sites\/3\/2023\/11\/LINEACOR-Letras-em-aco-Corten-tridimensionais-04-300x200.jpg 300w, https:\/\/www.lineacor.com\/pt\/wp-content\/uploads\/sites\/3\/2023\/11\/LINEACOR-Letras-em-aco-Corten-tridimensionais-04-768x512.jpg 768w, https:\/\/www.lineacor.com\/pt\/wp-content\/uploads\/sites\/3\/2023\/11\/LINEACOR-Letras-em-aco-Corten-tridimensionais-04-600x400.jpg 600w, https:\/\/www.lineacor.com\/pt\/wp-content\/uploads\/sites\/3\/2023\/11\/LINEACOR-Letras-em-aco-Corten-tridimensionais-04.jpg 1280w\" sizes=\"(max-width: 1024px) 100vw, 1024px\" \/><\/a><\/figure>\n\n\n\n<figure class=\"wp-block-image size-large\"><a href=\"https:\/\/www.lineacor.com\/pt\/wp-content\/uploads\/sites\/3\/2023\/11\/LINEACOR-Letras-em-aco-Corten-tridimensionais-06.jpg\"><img decoding=\"async\" width=\"1024\" height=\"683\" data-id=\"1336\" src=\"https:\/\/www.lineacor.com\/pt\/wp-content\/uploads\/sites\/3\/2023\/11\/LINEACOR-Letras-em-aco-Corten-tridimensionais-06-1024x683.jpg\" alt=\"\" class=\"wp-image-1336\" srcset=\"https:\/\/www.lineacor.com\/pt\/wp-content\/uploads\/sites\/3\/2023\/11\/LINEACOR-Letras-em-aco-Corten-tridimensionais-06-1024x683.jpg 1024w, https:\/\/www.lineacor.com\/pt\/wp-content\/uploads\/sites\/3\/2023\/11\/LINEACOR-Letras-em-aco-Corten-tridimensionais-06-300x200.jpg 300w, https:\/\/www.lineacor.com\/pt\/wp-content\/uploads\/sites\/3\/2023\/11\/LINEACOR-Letras-em-aco-Corten-tridimensionais-06-768x512.jpg 768w, https:\/\/www.lineacor.com\/pt\/wp-content\/uploads\/sites\/3\/2023\/11\/LINEACOR-Letras-em-aco-Corten-tridimensionais-06-600x400.jpg 600w, https:\/\/www.lineacor.com\/pt\/wp-content\/uploads\/sites\/3\/2023\/11\/LINEACOR-Letras-em-aco-Corten-tridimensionais-06.jpg 1280w\" sizes=\"(max-width: 1024px) 100vw, 1024px\" \/><\/a><\/figure>\n\n\n\n<figure class=\"wp-block-image size-large\"><a href=\"https:\/\/www.lineacor.com\/pt\/wp-content\/uploads\/sites\/3\/2023\/11\/LINEACOR-Letras-em-aco-Corten-tridimensionais-07.jpg\"><img decoding=\"async\" width=\"1024\" height=\"683\" data-id=\"1337\" src=\"https:\/\/www.lineacor.com\/pt\/wp-content\/uploads\/sites\/3\/2023\/11\/LINEACOR-Letras-em-aco-Corten-tridimensionais-07-1024x683.jpg\" alt=\"\" class=\"wp-image-1337\" srcset=\"https:\/\/www.lineacor.com\/pt\/wp-content\/uploads\/sites\/3\/2023\/11\/LINEACOR-Letras-em-aco-Corten-tridimensionais-07-1024x683.jpg 1024w, https:\/\/www.lineacor.com\/pt\/wp-content\/uploads\/sites\/3\/2023\/11\/LINEACOR-Letras-em-aco-Corten-tridimensionais-07-300x200.jpg 300w, https:\/\/www.lineacor.com\/pt\/wp-content\/uploads\/sites\/3\/2023\/11\/LINEACOR-Letras-em-aco-Corten-tridimensionais-07-768x512.jpg 768w, https:\/\/www.lineacor.com\/pt\/wp-content\/uploads\/sites\/3\/2023\/11\/LINEACOR-Letras-em-aco-Corten-tridimensionais-07-600x400.jpg 600w, https:\/\/www.lineacor.com\/pt\/wp-content\/uploads\/sites\/3\/2023\/11\/LINEACOR-Letras-em-aco-Corten-tridimensionais-07.jpg 1280w\" sizes=\"(max-width: 1024px) 100vw, 1024px\" \/><\/a><\/figure>\n<\/figure>\n\n\n\n<p class=\"has-medium-font-size\">Este projeto chegou-nos atrav\u00e9s da Empresa <strong><a href=\"https:\/\/acerocorten.es\">Acero Corten &amp; Inox, S.L.<\/a><\/strong>, que fabricou estas letras para um dos seus clientes dedicados ao marketing. Por nos consultar antes de iniciar o projeto, pudemos aconselh\u00e1-lo desde o in\u00edcio, para obter os melhores resultados.<\/p>\n\n\n\n<figure class=\"wp-block-image aligncenter size-large\"><a href=\"https:\/\/www.lineacor.com\/pt\/wp-content\/uploads\/sites\/3\/2023\/11\/LINEACOR-Letras-em-aco-Corten-tridimensionais-09.jpg\"><img decoding=\"async\" width=\"1024\" height=\"683\" src=\"https:\/\/www.lineacor.com\/pt\/wp-content\/uploads\/sites\/3\/2023\/11\/LINEACOR-Letras-em-aco-Corten-tridimensionais-09-1024x683.jpg\" alt=\"\" class=\"wp-image-1339\" srcset=\"https:\/\/www.lineacor.com\/pt\/wp-content\/uploads\/sites\/3\/2023\/11\/LINEACOR-Letras-em-aco-Corten-tridimensionais-09-1024x683.jpg 1024w, https:\/\/www.lineacor.com\/pt\/wp-content\/uploads\/sites\/3\/2023\/11\/LINEACOR-Letras-em-aco-Corten-tridimensionais-09-300x200.jpg 300w, https:\/\/www.lineacor.com\/pt\/wp-content\/uploads\/sites\/3\/2023\/11\/LINEACOR-Letras-em-aco-Corten-tridimensionais-09-768x512.jpg 768w, https:\/\/www.lineacor.com\/pt\/wp-content\/uploads\/sites\/3\/2023\/11\/LINEACOR-Letras-em-aco-Corten-tridimensionais-09-600x400.jpg 600w, https:\/\/www.lineacor.com\/pt\/wp-content\/uploads\/sites\/3\/2023\/11\/LINEACOR-Letras-em-aco-Corten-tridimensionais-09.jpg 1280w\" sizes=\"(max-width: 1024px) 100vw, 1024px\" \/><\/a><figcaption class=\"wp-element-caption\">&#8220;DERRAME&#8221;<\/figcaption><\/figure>\n\n\n\n<p class=\"has-medium-font-size\">Se tamb\u00e9m pretende garantir os melhores resultados e a m\u00e1xima garantia de sucesso nos seus projetos, n\u00e3o hesite, os seus <a href=\"https:\/\/www.lineacor.com\/pt\/loja\/\">produtos <strong>LINEACOR<\/strong>\u00ae<\/a> s\u00e3o a sua melhor aposta.<\/p>\n\n\n\n<p class=\"has-luminous-vivid-orange-color has-text-color has-medium-font-size\"><strong>Voc\u00ea gostaria de experimentar os produtos que foram usados para criar essas letras?<\/strong><\/p>\n\n\n<div data-block-name=\"woocommerce\/handpicked-products\" data-orderby=\"menu_order\" data-products=\"[93,99,223]\" class=\"wc-block-grid wp-block-handpicked-products wp-block-woocommerce-handpicked-products wc-block-handpicked-products has-3-columns has-multiple-rows\"><ul class=\"wc-block-grid__products\"><li class=\"wc-block-grid__product\">\n\t\t\t\t<a href=\"https:\/\/www.lineacor.com\/pt\/produto\/act-cor-activador-de-oxido\/\" class=\"wc-block-grid__product-link\">\n\t\t\t\t\t\n\t\t\t\t\t<div class=\"wc-block-grid__product-image\"><img decoding=\"async\" width=\"300\" height=\"300\" src=\"https:\/\/www.lineacor.com\/pt\/wp-content\/uploads\/sites\/3\/2017\/03\/act-COR-1L_.jpg\" class=\"attachment-woocommerce_thumbnail size-woocommerce_thumbnail\" alt=\"act-COR activador de \u00f3xido\" srcset=\"https:\/\/www.lineacor.com\/pt\/wp-content\/uploads\/sites\/3\/2017\/03\/act-COR-1L_.jpg 500w, https:\/\/www.lineacor.com\/pt\/wp-content\/uploads\/sites\/3\/2017\/03\/act-COR-1L_-150x150.jpg 150w, https:\/\/www.lineacor.com\/pt\/wp-content\/uploads\/sites\/3\/2017\/03\/act-COR-1L_-300x300.jpg 300w, https:\/\/www.lineacor.com\/pt\/wp-content\/uploads\/sites\/3\/2017\/03\/act-COR-1L_-180x180.jpg 180w\" sizes=\"(max-width: 300px) 100vw, 300px\" \/><\/div>\n\t\t\t\t\t<div class=\"wc-block-grid__product-title\">act-COR activador de \u00f3xido<\/div>\n\t\t\t\t<\/a>\n\t\t\t\t<div class=\"wc-block-grid__product-price price\"><span class=\"woocommerce-Price-amount amount\" aria-hidden=\"true\">17,00<span class=\"woocommerce-Price-currencySymbol\">&euro;<\/span><\/span> <span aria-hidden=\"true\">&ndash;<\/span> <span class=\"woocommerce-Price-amount amount\" aria-hidden=\"true\">676,00<span class=\"woocommerce-Price-currencySymbol\">&euro;<\/span><\/span><span class=\"screen-reader-text\">Price range: 17,00&euro; through 676,00&euro;<\/span><\/div>\n\t\t\t\t\n\t\t\t\t<div class=\"wp-block-button wc-block-grid__product-add-to-cart\"><a href=\"https:\/\/www.lineacor.com\/pt\/produto\/act-cor-activador-de-oxido\/\" aria-label=\"Seleccione as op\u00e7\u00f5es para &ldquo;act-COR activador de \u00f3xido&rdquo;\" data-quantity=\"1\" data-product_id=\"93\" data-product_sku=\"\" data-price=\"17\" rel=\"nofollow\" class=\"wp-block-button__link  add_to_cart_button\">Ver op\u00e7\u00f5es<\/a><\/div>\n\t\t\t<\/li><li class=\"wc-block-grid__product\">\n\t\t\t\t<a href=\"https:\/\/www.lineacor.com\/pt\/produto\/bp-cor-banho-de-paragem\/\" class=\"wc-block-grid__product-link\">\n\t\t\t\t\t\n\t\t\t\t\t<div class=\"wc-block-grid__product-image\"><img decoding=\"async\" width=\"300\" height=\"300\" src=\"https:\/\/www.lineacor.com\/pt\/wp-content\/uploads\/sites\/3\/2017\/03\/bp-COR-1L_.jpg\" class=\"attachment-woocommerce_thumbnail size-woocommerce_thumbnail\" alt=\"bp-COR banho de paragem\" srcset=\"https:\/\/www.lineacor.com\/pt\/wp-content\/uploads\/sites\/3\/2017\/03\/bp-COR-1L_.jpg 500w, https:\/\/www.lineacor.com\/pt\/wp-content\/uploads\/sites\/3\/2017\/03\/bp-COR-1L_-150x150.jpg 150w, https:\/\/www.lineacor.com\/pt\/wp-content\/uploads\/sites\/3\/2017\/03\/bp-COR-1L_-300x300.jpg 300w, https:\/\/www.lineacor.com\/pt\/wp-content\/uploads\/sites\/3\/2017\/03\/bp-COR-1L_-180x180.jpg 180w\" sizes=\"(max-width: 300px) 100vw, 300px\" \/><\/div>\n\t\t\t\t\t<div class=\"wc-block-grid__product-title\">bp-COR banho de paragem<\/div>\n\t\t\t\t<\/a>\n\t\t\t\t<div class=\"wc-block-grid__product-price price\"><span class=\"woocommerce-Price-amount amount\" aria-hidden=\"true\">19,00<span class=\"woocommerce-Price-currencySymbol\">&euro;<\/span><\/span> <span aria-hidden=\"true\">&ndash;<\/span> <span class=\"woocommerce-Price-amount amount\" aria-hidden=\"true\">734,00<span class=\"woocommerce-Price-currencySymbol\">&euro;<\/span><\/span><span class=\"screen-reader-text\">Price range: 19,00&euro; through 734,00&euro;<\/span><\/div>\n\t\t\t\t\n\t\t\t\t<div class=\"wp-block-button wc-block-grid__product-add-to-cart\"><a href=\"https:\/\/www.lineacor.com\/pt\/produto\/bp-cor-banho-de-paragem\/\" aria-label=\"Seleccione as op\u00e7\u00f5es para &ldquo;bp-COR banho de paragem&rdquo;\" data-quantity=\"1\" data-product_id=\"99\" data-product_sku=\"\" data-price=\"19\" rel=\"nofollow\" class=\"wp-block-button__link  add_to_cart_button\">Ver op\u00e7\u00f5es<\/a><\/div>\n\t\t\t<\/li><li class=\"wc-block-grid__product\">\n\t\t\t\t<a href=\"https:\/\/www.lineacor.com\/pt\/produto\/bz-cor-finish-antigraffiti-verniz-exteriores\/\" class=\"wc-block-grid__product-link\">\n\t\t\t\t\t\n\t\t\t\t\t<div class=\"wc-block-grid__product-image\"><img decoding=\"async\" width=\"300\" height=\"300\" src=\"https:\/\/www.lineacor.com\/pt\/wp-content\/uploads\/sites\/3\/woocommerce-placeholder.png\" class=\"woocommerce-placeholder wp-post-image\" alt=\"\" srcset=\"https:\/\/www.lineacor.com\/pt\/wp-content\/uploads\/sites\/3\/woocommerce-placeholder.png 1200w, https:\/\/www.lineacor.com\/pt\/wp-content\/uploads\/sites\/3\/woocommerce-placeholder-150x150.png 150w, https:\/\/www.lineacor.com\/pt\/wp-content\/uploads\/sites\/3\/woocommerce-placeholder-300x300.png 300w, https:\/\/www.lineacor.com\/pt\/wp-content\/uploads\/sites\/3\/woocommerce-placeholder-768x768.png 768w, https:\/\/www.lineacor.com\/pt\/wp-content\/uploads\/sites\/3\/woocommerce-placeholder-1024x1024.png 1024w\" sizes=\"(max-width: 300px) 100vw, 300px\" \/><\/div>\n\t\t\t\t\t<div class=\"wc-block-grid__product-title\">bz-COR FINISH Antigraffiti Verniz (exteriores)<\/div>\n\t\t\t\t<\/a>\n\t\t\t\t<div class=\"wc-block-grid__product-price price\"><span class=\"woocommerce-Price-amount amount\" aria-hidden=\"true\">130,00<span class=\"woocommerce-Price-currencySymbol\">&euro;<\/span><\/span> <span aria-hidden=\"true\">&ndash;<\/span> <span class=\"woocommerce-Price-amount amount\" aria-hidden=\"true\">585,00<span class=\"woocommerce-Price-currencySymbol\">&euro;<\/span><\/span><span class=\"screen-reader-text\">Price range: 130,00&euro; through 585,00&euro;<\/span><\/div>\n\t\t\t\t\n\t\t\t\t<div class=\"wp-block-button wc-block-grid__product-add-to-cart\"><a href=\"https:\/\/www.lineacor.com\/pt\/produto\/bz-cor-finish-antigraffiti-verniz-exteriores\/\" aria-label=\"Seleccione as op\u00e7\u00f5es para &ldquo;bz-COR FINISH Antigraffiti Verniz (exteriores)&rdquo;\" data-quantity=\"1\" data-product_id=\"223\" data-product_sku=\"\" data-price=\"130\" rel=\"nofollow\" class=\"wp-block-button__link  add_to_cart_button\">Ver op\u00e7\u00f5es<\/a><\/div>\n\t\t\t<\/li><\/ul><\/div>","protected":false},"excerpt":{"rendered":"<p>Quando se trata de dar vida ao a\u00e7o Cor-Ten\u00ae e criar um impato visual duradouro, os produtos de tratamento de a\u00e7o Corten LINEACOR\u00ae s\u00e3o a escolha mais confi\u00e1vel. H\u00e1 alguns anos, respondendo \u00e0s exig\u00eancias dos nossos clientes mais inovadores, realizamos um projeto excecional: a oxida\u00e7\u00e3o de letras corporais em a\u00e7o Cor-Ten\u00ae de dimens\u00f5es especiais, o [&#8230;]\n","protected":false},"author":1,"featured_media":1339,"comment_status":"closed","ping_status":"open","sticky":false,"template":"","format":"standard","meta":{"footnotes":""},"categories":[41,43,42],"tags":[39,37,36,38,40],"class_list":["post-1329","post","type-post","status-publish","format-standard","has-post-thumbnail","hentry","category-aco-corten","category-oxidar-corten","category-tratamento-corten","tag-aco-corten","tag-act-cor-gel","tag-cor-ten","tag-oxidacao-laranja","tag-tratamento-em-aco-corten"],"_links":{"self":[{"href":"https:\/\/www.lineacor.com\/pt\/wp-json\/wp\/v2\/posts\/1329","targetHints":{"allow":["GET"]}}],"collection":[{"href":"https:\/\/www.lineacor.com\/pt\/wp-json\/wp\/v2\/posts"}],"about":[{"href":"https:\/\/www.lineacor.com\/pt\/wp-json\/wp\/v2\/types\/post"}],"author":[{"embeddable":true,"href":"https:\/\/www.lineacor.com\/pt\/wp-json\/wp\/v2\/users\/1"}],"replies":[{"embeddable":true,"href":"https:\/\/www.lineacor.com\/pt\/wp-json\/wp\/v2\/comments?post=1329"}],"version-history":[{"count":2,"href":"https:\/\/www.lineacor.com\/pt\/wp-json\/wp\/v2\/posts\/1329\/revisions"}],"predecessor-version":[{"id":1341,"href":"https:\/\/www.lineacor.com\/pt\/wp-json\/wp\/v2\/posts\/1329\/revisions\/1341"}],"wp:featuredmedia":[{"embeddable":true,"href":"https:\/\/www.lineacor.com\/pt\/wp-json\/wp\/v2\/media\/1339"}],"wp:attachment":[{"href":"https:\/\/www.lineacor.com\/pt\/wp-json\/wp\/v2\/media?parent=1329"}],"wp:term":[{"taxonomy":"category","embeddable":true,"href":"https:\/\/www.lineacor.com\/pt\/wp-json\/wp\/v2\/categories?post=1329"},{"taxonomy":"post_tag","embeddable":true,"href":"https:\/\/www.lineacor.com\/pt\/wp-json\/wp\/v2\/tags?post=1329"}],"curies":[{"name":"wp","href":"https:\/\/api.w.org\/{rel}","templated":true}]}}